{"id":185,"date":"2020-09-22T10:11:02","date_gmt":"2020-09-22T08:11:02","guid":{"rendered":"http:\/\/beaumont-redon.fr\/wp\/beaumonde\/?p=185"},"modified":"2022-09-23T12:10:13","modified_gmt":"2022-09-23T10:10:13","slug":"laurent-labeyrie-scientifique-du-giec-parrain-de-leco-festival-2020","status":"publish","type":"post","link":"http:\/\/wp.beaumont-redon.fr\/beaumonde\/laurent-labeyrie-scientifique-du-giec-parrain-de-leco-festival-2020\/","title":{"rendered":"Laurent LABEYRIE (scientifique du GIEC) parrain de l&#8217;\u00e9co-festival 2020"},"content":{"rendered":"\n<p>Laurent Labeyrie, , ancien membre du Giec, le groupe d\u2019expert sur le climat, ancien directeur de recherche au CNRS, oc\u00e9anographe, a accept\u00e9 d&#8217;\u00eatre le parrain de l&#8217;\u00e9dition 2020 de Beaumonde.<\/p>\n\n\n\n<p>Il animera des conf\u00e9rences pour les \u00e9l\u00e8ves et pour les parents d&#8217;\u00e9l\u00e8ves (en soir\u00e9e).<\/p>\n\n\n\n<figure class=\"wp-block-image size-large\"><a href=\"https:\/\/www.youtube.com\/watch?v=hUR4QAwswSA\"><img loading=\"lazy\" decoding=\"async\" width=\"733\" height=\"454\" src=\"http:\/\/beaumont-redon.fr\/wp\/beaumonde\/files\/2020\/09\/screenshot-www.youtube.com-2020.09.22-10_05_34.png\" alt=\"\" class=\"wp-image-186\" srcset=\"http:\/\/wp.beaumont-redon.fr\/beaumonde\/files\/2020\/09\/screenshot-www.youtube.com-2020.09.22-10_05_34.png 733w, http:\/\/wp.beaumont-redon.fr\/beaumonde\/files\/2020\/09\/screenshot-www.youtube.com-2020.09.22-10_05_34-300x186.png 300w\" sizes=\"(max-width: 733px) 100vw, 733px\" \/><\/a><\/figure>\n\n\n\n<figure class=\"wp-block-image size-large\"><a href=\"https:\/\/www.letelegramme.fr\/finistere\/brest\/climat-ne-pas-se-poser-les-problemes-agir-15-03-2019-12232134.php\"><img loading=\"lazy\" decoding=\"async\" width=\"976\" height=\"511\" src=\"http:\/\/beaumont-redon.fr\/wp\/beaumonde\/files\/2020\/09\/screenshot-www.letelegramme.fr-2020.09.22-10_04_09.png\" alt=\"\" class=\"wp-image-187\" srcset=\"http:\/\/wp.beaumont-redon.fr\/beaumonde\/files\/2020\/09\/screenshot-www.letelegramme.fr-2020.09.22-10_04_09.png 976w, http:\/\/wp.beaumont-redon.fr\/beaumonde\/files\/2020\/09\/screenshot-www.letelegramme.fr-2020.09.22-10_04_09-300x157.png 300w, http:\/\/wp.beaumont-redon.fr\/beaumonde\/files\/2020\/09\/screenshot-www.letelegramme.fr-2020.09.22-10_04_09-768x402.png 768w\" sizes=\"(max-width: 976px) 100vw, 976px\" \/><\/a><\/figure>\n","protected":false},"excerpt":{"rendered":"<p>Laurent Labeyrie, , ancien membre du Giec, le groupe d\u2019expert sur le climat, ancien directeur de recherche au CNRS, oc\u00e9anographe, a accept\u00e9 d&#8217;\u00eatre le parrain de l&#8217;\u00e9dition 2020 de Beaumonde. Il animera des conf\u00e9rences pour les \u00e9l\u00e8ves et pour les parents d&#8217;\u00e9l\u00e8ves (en soir\u00e9e).<\/p>\n","protected":false},"author":3,"featured_media":0,"comment_status":"closed","ping_status":"open","sticky":false,"template":"","format":"standard","meta":{"footnotes":""},"categories":[7],"tags":[],"featured_image_src":null,"featured_image_src_square":null,"author_info":{"display_name":"Julien Gouriou","author_link":"http:\/\/wp.beaumont-redon.fr\/beaumonde\/author\/jgouriou\/"},"_links":{"self":[{"href":"http:\/\/wp.beaumont-redon.fr\/beaumonde\/wp-json\/wp\/v2\/posts\/185"}],"collection":[{"href":"http:\/\/wp.beaumont-redon.fr\/beaumonde\/wp-json\/wp\/v2\/posts"}],"about":[{"href":"http:\/\/wp.beaumont-redon.fr\/beaumonde\/wp-json\/wp\/v2\/types\/post"}],"author":[{"embeddable":true,"href":"http:\/\/wp.beaumont-redon.fr\/beaumonde\/wp-json\/wp\/v2\/users\/3"}],"replies":[{"embeddable":true,"href":"http:\/\/wp.beaumont-redon.fr\/beaumonde\/wp-json\/wp\/v2\/comments?post=185"}],"version-history":[{"count":1,"href":"http:\/\/wp.beaumont-redon.fr\/beaumonde\/wp-json\/wp\/v2\/posts\/185\/revisions"}],"predecessor-version":[{"id":188,"href":"http:\/\/wp.beaumont-redon.fr\/beaumonde\/wp-json\/wp\/v2\/posts\/185\/revisions\/188"}],"wp:attachment":[{"href":"http:\/\/wp.beaumont-redon.fr\/beaumonde\/wp-json\/wp\/v2\/media?parent=185"}],"wp:term":[{"taxonomy":"category","embeddable":true,"href":"http:\/\/wp.beaumont-redon.fr\/beaumonde\/wp-json\/wp\/v2\/categories?post=185"},{"taxonomy":"post_tag","embeddable":true,"href":"http:\/\/wp.beaumont-redon.fr\/beaumonde\/wp-json\/wp\/v2\/tags?post=185"}],"curies":[{"name":"wp","href":"https:\/\/api.w.org\/{rel}","templated":true}]}}