{"id":786,"date":"2016-12-21T22:17:08","date_gmt":"2016-12-21T21:17:08","guid":{"rendered":"http:\/\/beaumont-redon.fr\/wp\/apinfodoc\/?p=786"},"modified":"2018-09-10T13:39:49","modified_gmt":"2018-09-10T12:39:49","slug":"debat-fb-pour-le-tracage","status":"publish","type":"post","link":"http:\/\/wp.beaumont-redon.fr\/apinfodoc\/debat-fb-pour-le-tracage\/","title":{"rendered":"D\u00c9BAT : POUR FACEBOOK"},"content":{"rendered":"<h2>Rien \u00e0 cacher ?<\/h2>\n<p><strong>La probl\u00e9matique de ce premier d\u00e9bat porte sur la collecte, par Facebook, des donn\u00e9es personnelles de ses utilisateurs, et de leur utilisation dans un objectif de profilage et de ciblage publicitaire. Le concept central, c&#8217;est la question de la vie priv\u00e9e, \u00e9videmment&#8230;<\/strong><\/p>\n<p><strong>Vous devrez incarner un personnage qui se positionne POUR les pratiques de Facebook \u00e0 ce sujet. Pour construire vos arguments, pouvez vous appuyer sur les ressources suivantes.<\/strong><\/p>\n<h3>Le syst\u00e8me Facebook<\/h3>\n<h4>La strat\u00e9gie Facebook<\/h4>\n<ul>\n<li><a href=\"http:\/\/lexpansion.lexpress.fr\/high-tech\/comment-zuckerberg-vend-facebook-a-ses-futurs-actionnaires_1405914.html\" target=\"_blank\">Comment Zuckerberg vend Facebook aux actionnaires <\/a>(L&#8217;Express &#8211; L&#8217;Expansion)<\/li>\n<li><a href=\"http:\/\/www.01net.com\/actualites\/facebook-devoile-sa-strategie-pour-les-dix-prochaines-annees-966391.html\" target=\"_blank\">Facebook d\u00e9voile sa strat\u00e9gie pour les dix prochaines ann\u00e9es<\/a> (01.net)<\/li>\n<\/ul>\n<h4>Les conditions g\u00e9n\u00e9rales d&#8217;utilisation<\/h4>\n<ul>\n<li><a href=\"http:\/\/beaumont-redon.fr\/wp\/apinfodoc\/files\/2016\/03\/Facebook-Conditions-d-utilisation-des-donnees-2015.pdf\" rel=\"\">Conditions d&#8217;utilisation des donn\u00e9es <\/a>(Facebook, 2015)<\/li>\n<\/ul>\n<h4>La base de donn\u00e9e en images&nbsp;<\/h4>\n<p><a href=\"http:\/\/beaumont-redon.fr\/wp\/apinfodoc\/files\/2016\/03\/FacebookFactory-01.gif\" target=\"_blank\"><img loading=\"lazy\" decoding=\"async\" class=\"alignleft wp-image-733 size-thumbnail\" title=\"FACEBOOK FACTORY\" src=\"http:\/\/beaumont-redon.fr\/wp\/apinfodoc\/files\/2016\/03\/FacebookFactory-01-150x150.gif\" alt=\"facebookfactory-01\" width=\"150\" height=\"150\" srcset=\"http:\/\/wp.beaumont-redon.fr\/apinfodoc\/files\/2016\/03\/FacebookFactory-01-150x150.gif 150w, http:\/\/wp.beaumont-redon.fr\/apinfodoc\/files\/2016\/03\/FacebookFactory-01-180x180.gif 180w, http:\/\/wp.beaumont-redon.fr\/apinfodoc\/files\/2016\/03\/FacebookFactory-01-300x300.gif 300w, http:\/\/wp.beaumont-redon.fr\/apinfodoc\/files\/2016\/03\/FacebookFactory-01-600x600.gif 600w\" sizes=\"(max-width: 150px) 100vw, 150px\" \/><\/a> <a href=\"http:\/\/beaumont-redon.fr\/wp\/apinfodoc\/files\/2016\/03\/FB-Research-Final-06.png\" target=\"_blank\"><img loading=\"lazy\" decoding=\"async\" class=\"alignleft wp-image-737 size-thumbnail\" title=\"FACEBOOK MOBILE APPS PERMISSIONS\" src=\"http:\/\/beaumont-redon.fr\/wp\/apinfodoc\/files\/2016\/03\/FB-Research-Final-06-150x150.png\" alt=\"fb-research-final-06\" width=\"150\" height=\"150\" srcset=\"http:\/\/wp.beaumont-redon.fr\/apinfodoc\/files\/2016\/03\/FB-Research-Final-06-150x150.png 150w, http:\/\/wp.beaumont-redon.fr\/apinfodoc\/files\/2016\/03\/FB-Research-Final-06-180x180.png 180w, http:\/\/wp.beaumont-redon.fr\/apinfodoc\/files\/2016\/03\/FB-Research-Final-06-300x300.png 300w, http:\/\/wp.beaumont-redon.fr\/apinfodoc\/files\/2016\/03\/FB-Research-Final-06-600x600.png 600w\" sizes=\"(max-width: 150px) 100vw, 150px\" \/><\/a> <a href=\"http:\/\/beaumont-redon.fr\/wp\/apinfodoc\/files\/2016\/03\/FB-Research-Final-08.png\" target=\"_blank\"><img loading=\"lazy\" decoding=\"async\" class=\"alignleft wp-image-738 size-thumbnail\" title=\"FACEBOOK PARTNERS\" src=\"http:\/\/beaumont-redon.fr\/wp\/apinfodoc\/files\/2016\/03\/FB-Research-Final-08-150x150.png\" alt=\"fb-research-final-08\" width=\"150\" height=\"150\" srcset=\"http:\/\/wp.beaumont-redon.fr\/apinfodoc\/files\/2016\/03\/FB-Research-Final-08-150x150.png 150w, http:\/\/wp.beaumont-redon.fr\/apinfodoc\/files\/2016\/03\/FB-Research-Final-08-180x180.png 180w, http:\/\/wp.beaumont-redon.fr\/apinfodoc\/files\/2016\/03\/FB-Research-Final-08-300x300.png 300w, http:\/\/wp.beaumont-redon.fr\/apinfodoc\/files\/2016\/03\/FB-Research-Final-08-600x600.png 600w\" sizes=\"(max-width: 150px) 100vw, 150px\" \/><\/a>&nbsp;&nbsp;&nbsp;&nbsp;<\/p>\n<h4>&nbsp;<\/h4>\n<h4>&nbsp;<\/h4>\n<h4>&nbsp;<\/h4>\n<p>&nbsp;<\/p>\n<p>(Voir l&#8217;<a href=\"https:\/\/labs.rs\/en\/facebook-algorithmic-factory-immaterial-labour-and-data-harvesting\/\" target=\"_blank\">\u00e9tude compl\u00e8te<\/a>, en anglais)<\/p>\n<h3>Facebook et la vie priv\u00e9e<\/h3>\n<ul>\n<li><a href=\"http:\/\/www.lemonde.fr\/technologies\/article\/2012\/02\/07\/vie-privee-facebook-s-engage-a-changer-ses-pratiques_1640037_651865.html\" target=\"_blank\">Vie priv\u00e9e : Facebook s&#8217;engage \u00e0 changer ses pratiques <\/a>(Le Monde)<\/li>\n<li><a href=\"http:\/\/jenairienacacher.fr\" target=\"_blank\">Je n&#8217;ai rien \u00e0 cacher<\/a> (La Quadrature du Net)<\/li>\n<li><a href=\"https:\/\/www.myshadow.org\/fr\/tracking-so-what\" target=\"_blank\">Tra\u00e7age&#8230; et alors ?<\/a> (MyShadow.org)<\/li>\n<\/ul>\n<h3>Facebook s&#8217;engage pour la s\u00e9curit\u00e9<\/h3>\n<ul>\n<li><a href=\"http:\/\/www.psychologies.com\/Culture\/Ma-vie-numerique\/Articles-et-Dossiers\/Facebook-s-engage-contre-le-cyberharcelement\/4Adopter-les-bons-reflexes\" target=\"_blank\">Facebook s\u2019engage contre le cyberharc\u00e8lement <\/a>(Psychologies.com)<\/li>\n<li><a href=\"http:\/\/www.lemonde.fr\/technologies\/article\/2013\/06\/12\/prism-google-microsoft-et-facebook-veulent-jouer-la-transparence_3428415_651865.html\" target=\"_blank\">&#8220;Prism&#8221; : Google, Microsoft et Facebook veulent jouer la transparence<\/a> (Le Monde)<\/li>\n<li><a href=\"http:\/\/www.numerama.com\/politique\/145255-facebook-devient-actif-dans-la-lutte-contre-la-radicalisation.html\" target=\"_blank\">Facebook devient actif dans la lutte contre la radicalisation<\/a> (Numerama)<\/li>\n<li><a href=\"http:\/\/hightech.bfmtv.com\/internet\/facebook-un-algorithme-pour-detecter-les-terroristes-943934.html\" target=\"_blank\">Facebook: un algorithme pour d\u00e9tecter les terroristes ? <\/a>(BFM.tv)<\/li>\n<\/ul>\n<h3>Ce que valent vos donn\u00e9es<\/h3>\n<ul>\n<li><a href=\"http:\/\/beaumont-redon.fr\/wp\/apinfodoc\/files\/2016\/03\/B-Quelle-est-votre-valeur-sur-les-r\u00e9seaux-sociaux-huffpost.pdf\" rel=\"\">Quelle est votre valeur sur les r\u00e9seaux sociaux ?<\/a> (Huffington Post, 2014)<\/li>\n<li><a href=\"http:\/\/beaumont-redon.fr\/wp\/apinfodoc\/files\/2016\/03\/A-Facebook-ne-connait-pas-la-crise-Slice42.pdf\" rel=\"\">Facebook ne connait pas la crise<\/a> (Slice42.fr, 2016)<\/li>\n<li><a href=\"http:\/\/www.capital.fr\/evenement\/le-guide-du-numerique-1183889\/reseaux-sociaux-ce-que-valent-vos-donnees-personnelles-1157306\" target=\"_blank\">R\u00e9seaux sociaux : ce que valent vos donn\u00e9es personnelles<\/a> (Capital.fr, 2016)<\/li>\n<li><a href=\"http:\/\/www.challenges.fr\/high-tech\/vos-donnees-personnelles-sur-internet-peuvent-valoir-de-l-or_57690\" target=\"_blank\">Vos donn\u00e9es personnelles sur Internet peuvent valoir de l&#8217;or !<\/a> (Challenges.fr, 2014)<\/li>\n<li><a href=\"http:\/\/www.huffingtonpost.fr\/2014\/02\/23\/quelle-est-votre-valeur-sur-les-reseaux-sociaux\/\" target=\"_blank\">Quelle est votre valeur sur les r\u00e9seaux sociaux ?<\/a> (HuffingtonPost.fr, 2014)<\/li>\n<\/ul>\n<h3>Le business des donn\u00e9es<\/h3>\n<ul>\n<li><a href=\"http:\/\/www.regies-publicitaires.fr\/\" target=\"_blank\">Qu&#8217;est ce qu&#8217;une r\u00e9gie publicitaire ?<\/a> (Regiepublicitaire.fr)<\/li>\n<li><a href=\"http:\/\/www.marketing-professionnel.fr\/parole-expert\/medias-numeriques-publicite-ciblee-marques-consommateurs-201302.html\" target=\"_blank\">Publicit\u00e9 cibl\u00e9e, marques et consommateurs<\/a> (Marketing-Professionnel.fr)<\/li>\n<\/ul>\n<p>__________________________________________________<\/p>\n<h3>Bonus : \u00e0 tester chez vous !<\/h3>\n<ul>\n<li><a href=\"http:\/\/fdvt.org\/\" target=\"_blank\">FDVT &#8211; Facebook data valuation tool.<\/a> Pour d\u00e9couvrir en temps r\u00e9el combien nos donn\u00e9es rapportent \u00e0 Facebook. <em>(Existe seulement pour Chrome &#8211; bient\u00f4t \u00e9galement disponible pour Firefox et Opera)<\/em><\/li>\n<\/ul>\n<p>&nbsp;<\/p>\n","protected":false},"excerpt":{"rendered":"<p>Rien \u00e0 cacher ? La probl\u00e9matique de ce premier d\u00e9bat porte sur la collecte, par [&#038;hellip<\/p>\n","protected":false},"author":1,"featured_media":492,"comment_status":"closed","ping_status":"closed","sticky":false,"template":"","format":"standard","meta":{"ngg_post_thumbnail":0,"footnotes":""},"categories":[32],"tags":[],"featured_image_src":"http:\/\/wp.beaumont-redon.fr\/apinfodoc\/files\/2016\/03\/tagcloud.png","featured_image_src_square":"http:\/\/wp.beaumont-redon.fr\/apinfodoc\/files\/2016\/03\/tagcloud.png","author_info":{"display_name":"Gaelle Kermarrec","author_link":"http:\/\/wp.beaumont-redon.fr\/apinfodoc\/author\/gsogliuzzo\/"},"_links":{"self":[{"href":"http:\/\/wp.beaumont-redon.fr\/apinfodoc\/wp-json\/wp\/v2\/posts\/786"}],"collection":[{"href":"http:\/\/wp.beaumont-redon.fr\/apinfodoc\/wp-json\/wp\/v2\/posts"}],"about":[{"href":"http:\/\/wp.beaumont-redon.fr\/apinfodoc\/wp-json\/wp\/v2\/types\/post"}],"author":[{"embeddable":true,"href":"http:\/\/wp.beaumont-redon.fr\/apinfodoc\/wp-json\/wp\/v2\/users\/1"}],"replies":[{"embeddable":true,"href":"http:\/\/wp.beaumont-redon.fr\/apinfodoc\/wp-json\/wp\/v2\/comments?post=786"}],"version-history":[{"count":10,"href":"http:\/\/wp.beaumont-redon.fr\/apinfodoc\/wp-json\/wp\/v2\/posts\/786\/revisions"}],"predecessor-version":[{"id":805,"href":"http:\/\/wp.beaumont-redon.fr\/apinfodoc\/wp-json\/wp\/v2\/posts\/786\/revisions\/805"}],"wp:featuredmedia":[{"embeddable":true,"href":"http:\/\/wp.beaumont-redon.fr\/apinfodoc\/wp-json\/wp\/v2\/media\/492"}],"wp:attachment":[{"href":"http:\/\/wp.beaumont-redon.fr\/apinfodoc\/wp-json\/wp\/v2\/media?parent=786"}],"wp:term":[{"taxonomy":"category","embeddable":true,"href":"http:\/\/wp.beaumont-redon.fr\/apinfodoc\/wp-json\/wp\/v2\/categories?post=786"},{"taxonomy":"post_tag","embeddable":true,"href":"http:\/\/wp.beaumont-redon.fr\/apinfodoc\/wp-json\/wp\/v2\/tags?post=786"}],"curies":[{"name":"wp","href":"https:\/\/api.w.org\/{rel}","templated":true}]}}