{"id":705,"date":"2016-03-19T14:18:56","date_gmt":"2016-03-19T13:18:56","guid":{"rendered":"http:\/\/beaumont-redon.fr\/wp\/apinfodoc\/?p=705"},"modified":"2017-04-26T09:51:30","modified_gmt":"2017-04-26T08:51:30","slug":"premiere-facebook-debat-2","status":"publish","type":"post","link":"http:\/\/wp.beaumont-redon.fr\/apinfodoc\/premiere-facebook-debat-2\/","title":{"rendered":"1e : FACEBOOK (d\u00e9bat 2)"},"content":{"rendered":"<h6>La probl\u00e9matique de ce second d\u00e9bat concerne les diff\u00e9rentes utilisations que Facebook fait des donn\u00e9es personnelles collect\u00e9es sur ses utilisateurs. Vous pourrez traiter, au choix, de l&#8217;un des deux grands th\u00e8mes propos\u00e9s ci-dessous. Vous devrez incarner un r\u00f4le pr\u00e9cis, lors de ce d\u00e9bat. Pour construire le positionnement et les arguments de votre personnage, pouvez vous appuyer sur les ressources suivantes :<\/h6>\n<p>&nbsp;<\/p>\n<h3>THEME 1 : &#8220;<span style=\"color: #333333;\"><span style=\"color: #333333;\">Si c&#8217;est gratuit, c&#8217;est toi le produit&#8230;&#8221;<\/span><\/span><\/h3>\n<h4>Une extension Chrome \u00e0 tester :<\/h4>\n<ul>\n<li><a href=\"http:\/\/fdvt.org\/\" target=\"_blank\">FDVT &#8211; Facebook data valuation tool<\/a> (bient\u00f4t \u00e9galement disponible sur Firefox et Opera). Pour d\u00e9couvrir en temps r\u00e9el combien nos donn\u00e9es rapportent \u00e0 Facebook.<\/li>\n<\/ul>\n<h4>Mon\u00e9tisation des donn\u00e9es personnelles<\/h4>\n<ul>\n<li><a href=\"http:\/\/beaumont-redon.fr\/wp\/apinfodoc\/files\/2016\/03\/B-Quelle-est-votre-valeur-sur-les-r\u00e9seaux-sociaux-huffpost.pdf\" rel=\"\">Quelle est votre valeur sur les r\u00e9seaux sociaux ?<\/a> (Huffington Post, 2014)<\/li>\n<li><a href=\"http:\/\/beaumont-redon.fr\/wp\/apinfodoc\/files\/2016\/03\/A-Facebook-ne-connait-pas-la-crise-Slice42.pdf\" rel=\"\">Facebook ne connait pas la crise<\/a> (Slice42.fr, 2016)<\/li>\n<li><a href=\"http:\/\/www.capital.fr\/evenement\/le-guide-du-numerique-1183889\/reseaux-sociaux-ce-que-valent-vos-donnees-personnelles-1157306\" target=\"_blank\">R\u00e9seaux sociaux : ce que valent vos donn\u00e9es personnelles<\/a> (Capital.fr, 2016)<\/li>\n<li><a href=\"http:\/\/www.challenges.fr\/high-tech\/vos-donnees-personnelles-sur-internet-peuvent-valoir-de-l-or_57690\" target=\"_blank\">Vos donn\u00e9es personnelles sur Internet peuvent valoir de l&#8217;or !<\/a> (Challenges.fr, 2014)<\/li>\n<li><a href=\"http:\/\/www.huffingtonpost.fr\/2014\/02\/23\/quelle-est-votre-valeur-sur-les-reseaux-sociaux\/\" target=\"_blank\">Quelle est votre valeur sur les r\u00e9seaux sociaux ?<\/a> (HuffingtonPost.fr, 2014)<\/li>\n<\/ul>\n<h3>&nbsp;<\/h3>\n<h3>THEME 2 : &#8220;Comme dans une bulle ?&#8221;<\/h3>\n<h4>Algorithme et fil d&#8217;actualit\u00e9 Facebook<\/h4>\n<ul>\n<li><a href=\"http:\/\/beaumont-redon.fr\/wp\/apinfodoc\/files\/2016\/03\/Le-Monde-Pixels-Comment-fonctionne-l-algorithme-de-Facebook-2014.pdf\" rel=\"\">Le Monde Pixels &#8211; Comment fonctionne l&#8217;algorithme de Facebook &#8211; 2014<\/a><\/li>\n<li><a href=\"http:\/\/beaumont-redon.fr\/wp\/apinfodoc\/files\/2016\/03\/L-Express-L-Expansion-Comment-Facebook-decide-si-vos-amis-vont-voir-votre-message-ou-non-2014.pdf\" rel=\"\">L&#8217;Express\/L&#8217;Expansion &#8211; Comment Facebook d\u00e9cide si vos amis vont voir votre message ou non &#8211; 2014<\/a><\/li>\n<li><a href=\"http:\/\/beaumont-redon.fr\/wp\/apinfodoc\/files\/2016\/03\/Numerama-Une-grosse-majorite-des-contenus-Facebook-vous-sont-caches-2014.pdf\" rel=\"\">Num\u00e9rama &#8211; Une grosse majorit\u00e9 des contenus Facebook vous sont cach\u00e9s -2014<\/a><\/li>\n<li>https:\/\/siecledigital.fr\/2016\/09\/08\/fonctionne-reellement-algorithme-de-facebook\/<\/li>\n<li>https:\/\/www.educnum.fr\/fr\/expliquer-limpact-des-algorithmes-sur-le-fil-dactualite<\/li>\n<li>http:\/\/rue89.nouvelobs.com\/2016\/06\/02\/enquete-lalgo-plus-flippant-facebook-264219<\/li>\n<\/ul>\n<h4>\u00c9tude psychologique Facebook<\/h4>\n<ul>\n<li><a href=\"http:\/\/beaumont-redon.fr\/wp\/apinfodoc\/files\/2016\/03\/L-Obs-Oui-sur-Facebook-nous-sommes-1-2-milliard-de-rats-de-laboratoire-2014.pdf\" rel=\"\">L&#8217;Obs &#8211; Oui, sur Facebook nous sommes 1,2 milliard de rats de laboratoire &#8211; 2014<\/a><\/li>\n<li><a href=\"http:\/\/beaumont-redon.fr\/wp\/apinfodoc\/files\/2016\/03\/Numerama-Plainte-contre-Facebook-apres-son-etude-psychologique-2014.pdf\" rel=\"\">Numerama &#8211; Plainte contre Facebook apres son \u00e9tude psychologique -2014<\/a><\/li>\n<li><a href=\"http:\/\/beaumont-redon.fr\/wp\/apinfodoc\/files\/2016\/03\/Liberation-Facebook-manipulateur-d-emotions-au-nom-de-la-science-2014.pdf\" rel=\"\">Lib\u00e9ration &#8211; Facebook, manipulateur d&#8217;\u00e9motions au nom de la science &#8211; 2014<\/a><\/li>\n<\/ul>\n<h4>Bulle de filtres<\/h4>\n<ul>\n<li><a href=\"http:\/\/www.inaglobal.fr\/numerique\/article\/il-faut-un-vrai-debat-sur-la-question-des-algorithmes-9427\" target=\"_blank\">\u00ab Il faut un vrai d\u00e9bat sur la question des algorithmes \u00bb<\/a> (INAGlobal, 2016)<\/li>\n<li><a href=\"http:\/\/www.liberation.fr\/debats\/2016\/12\/16\/lawrence-lessig-on-doit-s-inquieter-de-la-maniere-dont-internet-nourrit-la-polarisation_1535886\" target=\"_blank\">Lawrence Lessig: \u00abOn doit s\u2019inqui\u00e9ter de la mani\u00e8re dont Internet nourrit la&nbsp;polarisation\u00bb<\/a> (Lib\u00e9ration.fr, 2016)<\/li>\n<li>Avec son algorithme, Facebook devient la bo\u00eete noire des m\u00e9dias &#8211; http:\/\/www.cnetfrance.fr\/news\/avec-son-algorithme-facebook-devient-la-boite-noire-des-medias-39846052.htm#xtor=RSS-300021<\/li>\n<li>http:\/\/info.arte.tv\/fr\/quand-le-web-nous-enferme-dans-notre-bulle<\/li>\n<li>https:\/\/blog.donottrack-doc.com\/fr\/category\/e6-fr\/<\/li>\n<li>http:\/\/www.slate.fr\/life\/80677\/portrait-donnees-bulle-filtres<\/li>\n<li>http:\/\/www.lemonde.fr\/\/actualite-medias\/article\/2016\/11\/01\/facebook-faux-ami-de-la-democratie_5023701_3236.html<\/li>\n<li>http:\/\/rue89.nouvelobs.com\/2016\/11\/13\/dominique-cardon-facebook-si-etes-droite-ajoutez-gens-gauche-265640<\/li>\n<li>https:\/\/www.franceculture.fr\/emissions\/la-vie-numerique\/eh-bien-oui-nous-sommes-responsables-de-nos-aveuglements#<\/li>\n<li>http:\/\/motherboard.vice.com\/fr\/read\/facebook-nous-isole-de-plus-en-plus-des-opinions-differentes-des-notres<\/li>\n<\/ul>\n<h4>Mod\u00e9ration des contenus ou censure ?<\/h4>\n<ul>\n<li>Facebook&nbsp;: des documents internes d\u00e9voilent les d\u00e9tails de sa politique de mod\u00e9ration http:\/\/www.lemonde.fr\/pixels\/article\/2016\/12\/21\/facebook-des-documents-internes-devoilent-les-details-de-sa-politique-de-moderation_5052397_4408996.html#Ue4k0Oq8Z10wVjcQ.99<\/li>\n<li>Facebook s\u2019attaque \u00e0 la d\u00e9sinformation avec 4 premi\u00e8res fonctionnalit\u00e9s http:\/\/www.numerama.com\/politique\/217234-facebook-sattaque-a-la-desinformation-avec-4-premieres-fonctionnalites.html<\/li>\n<li>http:\/\/www.numerama.com\/magazine\/31095-facebook-censure-une-campagne-de-prevention-du-cancer.html<\/li>\n<li>http:\/\/www.lemonde.fr\/pixels\/article\/2014\/10\/10\/facebook-precise-pourquoi-et-comment-il-supprime-des-photos-et-messages-litigieux_4504423_4408996.html<\/li>\n<li>http:\/\/www.liberation.fr\/futurs\/2016\/09\/09\/facebook-revient-sur-sa-decision-de-censurer-la-photo-de-la-petite-fille-au-napalm_1490802<\/li>\n<li>http:\/\/www.lesinrocks.com\/2015\/12\/15\/medias\/le-sociologue-des-r%c3%a9seaux-antonio-a-casilli-la-captation-du-savoir-est-en-jeu-11792244\/<\/li>\n<li>http:\/\/www.lemonde.fr\/pixels\/article\/2015\/11\/19\/face-aux-contenus-djihadistes-les-voies-de-facebook-sont-impenetrables_4813735_4408996.html<\/li>\n<li>http:\/\/information.tv5monde.com\/info\/censure-facebook-mark-zuckerberg-le-plus-grand-respondable-editorial-du-monde-127516<\/li>\n<li>http:\/\/www.lemonde.fr\/europe\/article\/2015\/10\/31\/un-photographe-allemand-defie-facebook_4800739_3214.html<\/li>\n<li>http:\/\/www.lemonde.fr\/pixels\/article\/2014\/10\/10\/facebook-precise-pourquoi-et-comment-il-supprime-des-photos-et-messages-litigieux_4504423_4408996.html<\/li>\n<li>http:\/\/www.lefigaro.fr\/secteur\/high-tech\/2015\/03\/16\/32001-20150316ARTFIG00056-terrorisme-nudite-facebook-defend-ses-regles-de-moderation.php<\/li>\n<li>http:\/\/www.lefigaro.fr\/culture\/2013\/03\/07\/03004-20130307ARTFIG00701-facebook-expert-en-art-et-en-pornographie.php<\/li>\n<li>http:\/\/www.francetvinfo.fr\/internet\/reseaux-sociaux\/facebook\/la-censure-sur-facebook-comment-ca-marche_166229.html<\/li>\n<li><\/li>\n<\/ul>\n","protected":false},"excerpt":{"rendered":"<p>La probl\u00e9matique de ce second d\u00e9bat concerne les diff\u00e9rentes utilisations que Facebook fait des donn\u00e9es [&#038;hellip<\/p>\n","protected":false},"author":1,"featured_media":492,"comment_status":"closed","ping_status":"closed","sticky":false,"template":"","format":"standard","meta":{"ngg_post_thumbnail":0,"footnotes":""},"categories":[32],"tags":[],"featured_image_src":"http:\/\/wp.beaumont-redon.fr\/apinfodoc\/files\/2016\/03\/tagcloud.png","featured_image_src_square":"http:\/\/wp.beaumont-redon.fr\/apinfodoc\/files\/2016\/03\/tagcloud.png","author_info":{"display_name":"Gaelle Kermarrec","author_link":"http:\/\/wp.beaumont-redon.fr\/apinfodoc\/author\/gsogliuzzo\/"},"_links":{"self":[{"href":"http:\/\/wp.beaumont-redon.fr\/apinfodoc\/wp-json\/wp\/v2\/posts\/705"}],"collection":[{"href":"http:\/\/wp.beaumont-redon.fr\/apinfodoc\/wp-json\/wp\/v2\/posts"}],"about":[{"href":"http:\/\/wp.beaumont-redon.fr\/apinfodoc\/wp-json\/wp\/v2\/types\/post"}],"author":[{"embeddable":true,"href":"http:\/\/wp.beaumont-redon.fr\/apinfodoc\/wp-json\/wp\/v2\/users\/1"}],"replies":[{"embeddable":true,"href":"http:\/\/wp.beaumont-redon.fr\/apinfodoc\/wp-json\/wp\/v2\/comments?post=705"}],"version-history":[{"count":23,"href":"http:\/\/wp.beaumont-redon.fr\/apinfodoc\/wp-json\/wp\/v2\/posts\/705\/revisions"}],"predecessor-version":[{"id":780,"href":"http:\/\/wp.beaumont-redon.fr\/apinfodoc\/wp-json\/wp\/v2\/posts\/705\/revisions\/780"}],"wp:featuredmedia":[{"embeddable":true,"href":"http:\/\/wp.beaumont-redon.fr\/apinfodoc\/wp-json\/wp\/v2\/media\/492"}],"wp:attachment":[{"href":"http:\/\/wp.beaumont-redon.fr\/apinfodoc\/wp-json\/wp\/v2\/media?parent=705"}],"wp:term":[{"taxonomy":"category","embeddable":true,"href":"http:\/\/wp.beaumont-redon.fr\/apinfodoc\/wp-json\/wp\/v2\/categories?post=705"},{"taxonomy":"post_tag","embeddable":true,"href":"http:\/\/wp.beaumont-redon.fr\/apinfodoc\/wp-json\/wp\/v2\/tags?post=705"}],"curies":[{"name":"wp","href":"https:\/\/api.w.org\/{rel}","templated":true}]}}