{"id":489,"date":"2016-12-21T15:50:58","date_gmt":"2016-12-21T14:50:58","guid":{"rendered":"http:\/\/beaumont-redon.fr\/wp\/apinfodoc\/?p=489"},"modified":"2018-09-10T13:39:58","modified_gmt":"2018-09-10T12:39:58","slug":"premiere-facebook-debat","status":"publish","type":"post","link":"http:\/\/wp.beaumont-redon.fr\/apinfodoc\/premiere-facebook-debat\/","title":{"rendered":"D\u00c9BAT : CONTRE FACEBOOK"},"content":{"rendered":"<h2>Rien \u00e0 cacher ?<\/h2>\n<p><strong>La probl\u00e9matique de ce premier d\u00e9bat porte sur la collecte, par Facebook, des donn\u00e9es personnelles de ses utilisateurs, et de leur utilisation dans un objectif de profilage et de ciblage publicitaire. Le concept central, c&#8217;est la question de la vie priv\u00e9e, \u00e9videmment&#8230;<\/strong><\/p>\n<p><strong>Vous devrez incarner un personnage qui se positionne CONTRE les pratiques de Facebook \u00e0 ce sujet. Pour construire vos arguments, pouvez vous appuyer sur les ressources suivantes.<\/strong><\/p>\n<h3>Le syst\u00e8me Facebook<\/h3>\n<h4>La base de donn\u00e9e des utilisateurs, en images&nbsp;<\/h4>\n<p><a href=\"http:\/\/beaumont-redon.fr\/wp\/apinfodoc\/files\/2016\/03\/FacebookFactory-01.gif\" target=\"_blank\"><img loading=\"lazy\" decoding=\"async\" class=\"alignleft wp-image-733 size-thumbnail\" title=\"FACEBOOK FACTORY\" src=\"http:\/\/beaumont-redon.fr\/wp\/apinfodoc\/files\/2016\/03\/FacebookFactory-01-150x150.gif\" alt=\"facebookfactory-01\" height=\"150\" width=\"150\" srcset=\"http:\/\/wp.beaumont-redon.fr\/apinfodoc\/files\/2016\/03\/FacebookFactory-01-150x150.gif 150w, http:\/\/wp.beaumont-redon.fr\/apinfodoc\/files\/2016\/03\/FacebookFactory-01-180x180.gif 180w, http:\/\/wp.beaumont-redon.fr\/apinfodoc\/files\/2016\/03\/FacebookFactory-01-300x300.gif 300w, http:\/\/wp.beaumont-redon.fr\/apinfodoc\/files\/2016\/03\/FacebookFactory-01-600x600.gif 600w\" sizes=\"(max-width: 150px) 100vw, 150px\" \/><\/a> <a href=\"http:\/\/beaumont-redon.fr\/wp\/apinfodoc\/files\/2016\/03\/FB-Research-Final-06.png\" target=\"_blank\"><img loading=\"lazy\" decoding=\"async\" class=\"alignleft wp-image-737 size-thumbnail\" title=\"FACEBOOK MOBILE APPS PERMISSIONS\" src=\"http:\/\/beaumont-redon.fr\/wp\/apinfodoc\/files\/2016\/03\/FB-Research-Final-06-150x150.png\" alt=\"fb-research-final-06\" height=\"150\" width=\"150\" srcset=\"http:\/\/wp.beaumont-redon.fr\/apinfodoc\/files\/2016\/03\/FB-Research-Final-06-150x150.png 150w, http:\/\/wp.beaumont-redon.fr\/apinfodoc\/files\/2016\/03\/FB-Research-Final-06-180x180.png 180w, http:\/\/wp.beaumont-redon.fr\/apinfodoc\/files\/2016\/03\/FB-Research-Final-06-300x300.png 300w, http:\/\/wp.beaumont-redon.fr\/apinfodoc\/files\/2016\/03\/FB-Research-Final-06-600x600.png 600w\" sizes=\"(max-width: 150px) 100vw, 150px\" \/><\/a> <a href=\"http:\/\/beaumont-redon.fr\/wp\/apinfodoc\/files\/2016\/03\/FB-Research-Final-08.png\" target=\"_blank\"><img loading=\"lazy\" decoding=\"async\" class=\"alignleft wp-image-738 size-thumbnail\" title=\"FACEBOOK PARTNERS\" src=\"http:\/\/beaumont-redon.fr\/wp\/apinfodoc\/files\/2016\/03\/FB-Research-Final-08-150x150.png\" alt=\"fb-research-final-08\" height=\"150\" width=\"150\" srcset=\"http:\/\/wp.beaumont-redon.fr\/apinfodoc\/files\/2016\/03\/FB-Research-Final-08-150x150.png 150w, http:\/\/wp.beaumont-redon.fr\/apinfodoc\/files\/2016\/03\/FB-Research-Final-08-180x180.png 180w, http:\/\/wp.beaumont-redon.fr\/apinfodoc\/files\/2016\/03\/FB-Research-Final-08-300x300.png 300w, http:\/\/wp.beaumont-redon.fr\/apinfodoc\/files\/2016\/03\/FB-Research-Final-08-600x600.png 600w\" sizes=\"(max-width: 150px) 100vw, 150px\" \/><\/a>&nbsp;&nbsp;&nbsp;&nbsp;<\/p>\n<h4>&nbsp;<\/h4>\n<h4>&nbsp;<\/h4>\n<h4>&nbsp;<\/h4>\n<p>&nbsp;<\/p>\n<p>(Voir l&#8217;<a href=\"https:\/\/labs.rs\/en\/facebook-algorithmic-factory-immaterial-labour-and-data-harvesting\/\" target=\"_blank\">\u00e9tude compl\u00e8te<\/a>, en anglais)<\/p>\n<h3>La loi et la protection des donn\u00e9es personnelles en Europe<\/h3>\n<h4>Vous avez des droits sur vos donn\u00e9es<\/h4>\n<ul>\n<li><a href=\"https:\/\/www.cnil.fr\/comprendre-vos-droits\" target=\"_blank\">Comprendre vos droits <\/a>&#8211; CNIL (Commission nationale Informatique et Libert\u00e9s)<\/li>\n<\/ul>\n<h4>Les conditions g\u00e9n\u00e9rales d&#8217;utilisation<\/h4>\n<ul>\n<li><a href=\"http:\/\/beaumont-redon.fr\/wp\/apinfodoc\/files\/2016\/03\/Facebook-Conditions-d-utilisation-des-donnees-2015.pdf\" rel=\"\">Conditions d&#8217;utilisation des donn\u00e9es <\/a>(Facebook, 2015)<\/li>\n<li><a href=\"http:\/\/www.myshadow.org\/fr\/lost-in-small-print\/facebooks-data-policy#0\" target=\"_blank\">Les CGU Facebook&#8230; en clair<\/a> (MyShadow.org, 2016)<\/li>\n<li><a href=\"http:\/\/www.cnil.fr\/fr\/politique-de-confidentialite-de-facebook-5-autorites-europeennes-prennent-position\" target=\"_blank\">Politique de confidentialit\u00e9 : cinq autorit\u00e9s europ\u00e9ennes prennent position contre Facebook<\/a> (CNIL, 2016)<\/li>\n<\/ul>\n<h4>Max Schrems, recours 2011 et 2014<\/h4>\n<ul>\n<li><a href=\"http:\/\/beaumont-redon.fr\/wp\/apinfodoc\/files\/2016\/03\/LeMonde-Pixels-l-important-c-est-que-facebook-respecte-la-loi-2011.pdf\" rel=\"\">L&#8217;important, c&#8217;est que Facebook respecte la loi<\/a> (Le Monde Pixels, 2011)<\/li>\n<li><a href=\"http:\/\/beaumont-redon.fr\/wp\/apinfodoc\/files\/2016\/03\/VoxEurop-Max-Schrems-ne-like-pas-Facebook-2012.pdf\" rel=\"\">Max Schrems ne like pas Facebook<\/a> (Vox Europ, 2012)<\/li>\n<li><a href=\"http:\/\/beaumont-redon.fr\/wp\/apinfodoc\/files\/2016\/03\/L-Obs-20000-utilisateurs-attaquent-Facebook-2014.pdf\" rel=\"\">20000 utilisateurs attaquent Facebook<\/a> (L&#8217;Obs,2014)<\/li>\n<li><a href=\"http:\/\/beaumont-redon.fr\/wp\/apinfodoc\/files\/2016\/03\/LeMonde-Pixels-Les_termes_de_Facebook_ne_sont_pas_valides-2014.pdf\" rel=\"\">Les termes de Facebook ne sont pas valides <\/a>(Le Monde Pixels, 2014)<\/li>\n<\/ul>\n<h4>Contr\u00f4le tes donn\u00e9es<\/h4>\n<p><i>Par la Quadrature du Net (Association de d\u00e9fense des libert\u00e9s sur Internet)<\/i><\/p>\n<p><a href=\"https:\/\/controle-tes-donnees.net\/\" target=\"_blank\"><img loading=\"lazy\" decoding=\"async\" class=\"alignnone\" src=\"https:\/\/controle-tes-donnees.net\/wp-content\/uploads\/sites\/3\/2016\/04\/banniere_controle_tes_donnees.png\" height=\"120\" width=\"480\"><\/a><\/p>\n<h3>Port\u00e9e du tra\u00e7age des utilisateurs<\/h3>\n<h4>Rien \u00e0 cacher ?<\/h4>\n<ul>\n<li><a href=\"http:\/\/jenairienacacher.fr\" target=\"_blank\">Je n&#8217;ai rien \u00e0 cacher<\/a> (La Quadrature du Net)<\/li>\n<li><a href=\"https:\/\/www.myshadow.org\/fr\/tracking-so-what\" target=\"_blank\">Tra\u00e7age&#8230; et alors ?<\/a> (MyShadow.org)<\/li>\n<li><a href=\"http:\/\/www.inaglobal.fr\/numerique\/article\/il-faut-un-vrai-debat-sur-la-question-des-algorithmes-9427\" target=\"_blank\">Vie priv\u00e9e, algorithmes, droits de l\u2019homme\u2026 Entretien avec Sherif Elsayed-Ali (Amnesty International)<\/a> (INAGlobal)<\/li>\n<\/ul>\n<h4>Cibler selon l&#8217;origine ethnique<\/h4>\n<ul>\n<li><a href=\"http:\/\/www.slate.fr\/story\/127289\/facebook-pub-exclure-utilisateurs-selon-origine-ethnique\" target=\"_blank\">Facebook autorise les annonceurs \u00e0 exclure des utilisateurs selon leur origine ethnique<\/a>&nbsp;(Slate, 2016)<\/li>\n<li><a href=\"http:\/\/www.numerama.com\/politique\/208257-facebook-recule-sur-le-ciblage-publicitaire-ethnique.html\" target=\"_blank\">Facebook recule sur le ciblage ethnique<\/a> (Numerama, 2016)<\/li>\n<\/ul>\n<h4>Pister des manifestants<\/h4>\n<ul>\n<li><a href=\"http:\/\/www.france24.com\/fr\/20161012-facebook-twitter-instagram-police-ferguson-baltimore-emeute-surveillance-geofeedia-techno\" target=\"_blank\">Facebook, Twitter et Instagram ont permis \u00e0 la police am\u00e9ricaine d\u2019espionner des activistes<\/a> (France 24, 2016)<\/li>\n<li><a href=\"http:\/\/www.lemonde.fr\/pixels\/article\/2016\/10\/12\/etats-unis-la-police-exploite-les-donnees-facebook-et-twitter-pour-pister-des-manifestants_5012500_4408996.html\" target=\"_blank\">\u00c9tats-Unis : la police exploite les donn\u00e9es Facebook et twitter pour pister des manifestants<\/a> (Le Monde Pixels, 2016)<\/li>\n<\/ul>\n<h4>Surveiller tout le monde<\/h4>\n<ul>\n<li><a href=\"http:\/\/rue89.nouvelobs.com\/2012\/07\/13\/comment-facebook-lit-vos-messages-prives-et-peut-les-montrer-la-police-233828\" target=\"_blank\">Comment Facebook lit vos messages priv\u00e9s (et peut les montrer \u00e0 la police)<\/a> (Rue89.NouvelObs.com, 2012)<\/li>\n<li><a href=\"http:\/\/www.lefigaro.fr\/secteur\/high-tech\/2013\/08\/28\/32001-20130828ARTFIG00364-facebook-a-deja-coopere-avec-71-pays-pour-surveiller-ses-utilisateurs.php\" target=\"_blank\">Facebook a d\u00e9j\u00e0 coop\u00e9r\u00e9 avec 71 pays pour surveiller ses utilisateurs<\/a> (leFigaro.fr, 2013)<\/li>\n<\/ul>\n<h4>Croiser des bases de donn\u00e9es<\/h4>\n<ul>\n<li><a href=\"http:\/\/www.numerama.com\/politique\/197579-lallemagne-interdit-le-partage-des-donnees-entre-whatsapp-et-facebook.html\" target=\"_blank\">L&#8217;Allemagne interdit le partage de donn\u00e9es entre Whatsapp et Facebook<\/a> (Numerama, 2016)<\/li>\n<li><a href=\"http:\/\/www.lemonde.fr\/pixels\/article\/2016\/09\/27\/en-allemagne-facebook-somme-de-supprimer-les-donnees-issues-des-utilisateurs-de-whatsapp_5004239_4408996.html\" target=\"_blank\">En Allemagne, Facebook somm\u00e9 de supprimer les donn\u00e9es issues des utilisateurs de Whatsapp<\/a> (Le Monde Pixels, 2016)<\/li>\n<\/ul>\n<h4>Quand Facebook joue au cartographe.<\/h4>\n<ul>\n<li><a href=\"http:\/\/www.rfi.fr\/emission\/20160306-facebook-cartographe-demographie-satellite\" target=\"_blank\">Facebook le cartographe<\/a> (RFI, 2016)<\/li>\n<li><a href=\"http:\/\/www.courrierinternational.com\/article\/technologie-maintenant-facebook-veut-savoir-ou-vous-habitez\" target=\"_blank\">Maintenant, Facebook veut savoir o\u00f9 vous habitez<\/a> (Courrier international, 2016)<\/li>\n<\/ul>\n<h4>Des contrats selon votre profil ?<\/h4>\n<ul>\n<li><a href=\"http:\/\/www.lepoint.fr\/economie\/et-si-une-banque-vous-refusait-un-pret-a-cause-de-vos-amis-facebook-08-08-2015-1955630_28.php\" target=\"_blank\">Et si une banque vous refusait un pr\u00eat \u00e0 cause de vos amis Facebook ?<\/a> (LePoint.fr, 2015)<\/li>\n<li><a href=\"http:\/\/www.lemonde.fr\/pixels\/article\/2016\/11\/02\/une-assurance-voulait-definir-ses-prix-en-fonction-des-publications-facebook-de-ses-clients_5024218_4408996.html#Ky3MIxDMfuKp32Id.99\" target=\"_blank\">Une assurance voulait d\u00e9finir ses prix en fonction des publications Facebook de ses clients<\/a> (LeMonde.fr, Pixels, 2016)<\/li>\n<\/ul>\n<p>_____________________________________________<\/p>\n<h3>Bonus : \u00e0 tester chez vous !<\/h3>\n<ul>\n<li><a href=\"http:\/\/applymagicsauce.com\" target=\"_blank\">Apply Magic Sauce<\/a> (Universit\u00e9 de Cambridge)<br \/>\n<em><span lang=\"fr\">Un moteur qui d\u00e9taille avec pr\u00e9cision les diff\u00e9rents traits du profil psychologique \u00e0 partir des traces num\u00e9riques issues de l&#8217;utilisation de Facebook.<\/span><\/em><\/li>\n<li><a href=\"http:\/\/predictiveworld.watchdogs.com\/fr\" target=\"_blank\">Predictive World<\/a> (WatchDogs)<br \/>\n<em>Le syst\u00e8me qui pr\u00e9dit votre avenir \u00e0 partir de vos donn\u00e9es Facebook.<\/em><\/li>\n<\/ul>\n","protected":false},"excerpt":{"rendered":"<p>Rien \u00e0 cacher ? La probl\u00e9matique de ce premier d\u00e9bat porte sur la collecte, par [&#038;hellip<\/p>\n","protected":false},"author":1,"featured_media":492,"comment_status":"closed","ping_status":"closed","sticky":false,"template":"","format":"standard","meta":{"ngg_post_thumbnail":0,"footnotes":""},"categories":[32],"tags":[],"featured_image_src":"http:\/\/wp.beaumont-redon.fr\/apinfodoc\/files\/2016\/03\/tagcloud.png","featured_image_src_square":"http:\/\/wp.beaumont-redon.fr\/apinfodoc\/files\/2016\/03\/tagcloud.png","author_info":{"display_name":"Gaelle Kermarrec","author_link":"http:\/\/wp.beaumont-redon.fr\/apinfodoc\/author\/gsogliuzzo\/"},"_links":{"self":[{"href":"http:\/\/wp.beaumont-redon.fr\/apinfodoc\/wp-json\/wp\/v2\/posts\/489"}],"collection":[{"href":"http:\/\/wp.beaumont-redon.fr\/apinfodoc\/wp-json\/wp\/v2\/posts"}],"about":[{"href":"http:\/\/wp.beaumont-redon.fr\/apinfodoc\/wp-json\/wp\/v2\/types\/post"}],"author":[{"embeddable":true,"href":"http:\/\/wp.beaumont-redon.fr\/apinfodoc\/wp-json\/wp\/v2\/users\/1"}],"replies":[{"embeddable":true,"href":"http:\/\/wp.beaumont-redon.fr\/apinfodoc\/wp-json\/wp\/v2\/comments?post=489"}],"version-history":[{"count":54,"href":"http:\/\/wp.beaumont-redon.fr\/apinfodoc\/wp-json\/wp\/v2\/posts\/489\/revisions"}],"predecessor-version":[{"id":806,"href":"http:\/\/wp.beaumont-redon.fr\/apinfodoc\/wp-json\/wp\/v2\/posts\/489\/revisions\/806"}],"wp:featuredmedia":[{"embeddable":true,"href":"http:\/\/wp.beaumont-redon.fr\/apinfodoc\/wp-json\/wp\/v2\/media\/492"}],"wp:attachment":[{"href":"http:\/\/wp.beaumont-redon.fr\/apinfodoc\/wp-json\/wp\/v2\/media?parent=489"}],"wp:term":[{"taxonomy":"category","embeddable":true,"href":"http:\/\/wp.beaumont-redon.fr\/apinfodoc\/wp-json\/wp\/v2\/categories?post=489"},{"taxonomy":"post_tag","embeddable":true,"href":"http:\/\/wp.beaumont-redon.fr\/apinfodoc\/wp-json\/wp\/v2\/tags?post=489"}],"curies":[{"name":"wp","href":"https:\/\/api.w.org\/{rel}","templated":true}]}}